{"id":1904,"date":"2021-02-27T23:34:07","date_gmt":"2021-02-27T22:34:07","guid":{"rendered":"https:\/\/www.cadrinet.com\/ewi\/?p=1904"},"modified":"2021-02-28T03:22:40","modified_gmt":"2021-02-28T02:22:40","slug":"une-nuit-sur-ton-epaule-veronique-sanson","status":"publish","type":"post","link":"https:\/\/www.cadrinet.com\/ewi\/2021\/02\/27\/une-nuit-sur-ton-epaule-veronique-sanson\/","title":{"rendered":"Une nuit sur ton \u00e9paule &#8211; V\u00e9ronique Sanson"},"content":{"rendered":"<p>Je m&rsquo;immerge une nouvelle fois dans l&rsquo;univers si particulier de V\u00e9ronique Sanson&#8230; <br>Et c&rsquo;est une nouvelle chanson, toute aussi culte&#8230; \u00ab\u00a0Une nuit sur son \u00e9paule\u00a0\u00bb&#8230; toujours de 1972.<\/p>\r\n<p>Alors qu&rsquo;elle termine de produire son second album avec Michel Berg\u00e9, son compagnon de l&rsquo;\u00e9poque, V\u00e9ronique Sanson \u00e9crit cette chanson pour un autre homme, Stephen Stills, le guitariste du groupe Crosby, Stills, Nash and Young. Elle vient d&rsquo;en tomber amoureuse et quittera Michel Berger pour partir aux USA vivre avec Stephen Stills qu&rsquo;elle \u00e9pousera l&rsquo;ann\u00e9e suivante.<\/p>\r\n<p>Mais c&rsquo;est en 1994, plus de vingt ans plus tard, que cette chanson connait un retour fulgurant : produite sur la sc\u00e8ne des Francofolies de La Rochelle en duo avec Marc Lavoine, <br>la chanson s&rsquo;impose et devient m\u00eame la Chanson de l&rsquo;ann\u00e9e 1995.<\/p>\r\n<p>Une derni\u00e8re r\u00e9surgence de la chanson survient en 2008, quand le rappeur am\u00e9ricain Jay-Z reprend le titre dans son morceau \u00ab\u00a0History\u00a0\u00bb pour c\u00e9l\u00e9brer la victoire de Barak Obama aux \u00e9lections pr\u00e9sidentielles am\u00e9ricaines.<\/p>\r\n<p>Bien s\u00fbr, j&rsquo;ai gard\u00e9 le saxophone du Roland Fantom XR pour l&rsquo;interpr\u00e9ter.. &nbsp;<\/p>\r\n<p>&nbsp;<\/p>\r\n<audio class=\"wp-audio-shortcode\" id=\"audio-1904-1\" preload=\"none\" style=\"width: 100%;\" controls=\"controls\"><source type=\"audio\/mpeg\" src=\"https:\/\/www.cadrinet.com\/ewi\/wp-content\/uploads\/2021\/02\/Veronique-Sanson-Une-nuit-sur-ton-epaule-C-G-E.mp3?_=1\" \/><a href=\"https:\/\/www.cadrinet.com\/ewi\/wp-content\/uploads\/2021\/02\/Veronique-Sanson-Une-nuit-sur-ton-epaule-C-G-E.mp3\">https:\/\/www.cadrinet.com\/ewi\/wp-content\/uploads\/2021\/02\/Veronique-Sanson-Une-nuit-sur-ton-epaule-C-G-E.mp3<\/a><\/audio>\r\n<p><em>Une nuit sur ton \u00e9paule &#8211; V\u00e9ronique Sanson &#8211; Ewi &#8211;<\/em> <em>Roland Fantom XR &#8211; Banque Patchman Bank User &#8211; 31 \u00ab\u00a0Vibrato Alto Sax\u00a0\u00bb<\/em> &nbsp; &nbsp;<\/p>\r\n<p><a href=\"https:\/\/i0.wp.com\/www.cadrinet.com\/ewi\/wp-content\/uploads\/2021\/02\/EWI-Home-Studio-Audio-Fantom-XR-Scarlett-Cubase11.png?ssl=1\" target=\"_blank\" rel=\"noopener\"><img data-recalc-dims=\"1\" loading=\"lazy\" decoding=\"async\" data-attachment-id=\"1872\" data-permalink=\"https:\/\/www.cadrinet.com\/ewi\/2021\/02\/24\/well-meet-again-vera-lynn\/ewi-home-studio-audio-fantom-xr-scarlett-cubase11\/\" data-orig-file=\"https:\/\/i0.wp.com\/www.cadrinet.com\/ewi\/wp-content\/uploads\/2021\/02\/EWI-Home-Studio-Audio-Fantom-XR-Scarlett-Cubase11.png?fit=863%2C646&amp;ssl=1\" data-orig-size=\"863,646\" data-comments-opened=\"1\" data-image-meta=\"{&quot;aperture&quot;:&quot;0&quot;,&quot;credit&quot;:&quot;&quot;,&quot;camera&quot;:&quot;&quot;,&quot;caption&quot;:&quot;&quot;,&quot;created_timestamp&quot;:&quot;0&quot;,&quot;copyright&quot;:&quot;&quot;,&quot;focal_length&quot;:&quot;0&quot;,&quot;iso&quot;:&quot;0&quot;,&quot;shutter_speed&quot;:&quot;0&quot;,&quot;title&quot;:&quot;&quot;,&quot;orientation&quot;:&quot;0&quot;}\" data-image-title=\"EWI Home Studio Audio Fantom XR Scarlett Cubase11\" data-image-description=\"\" data-image-caption=\"\" data-medium-file=\"https:\/\/i0.wp.com\/www.cadrinet.com\/ewi\/wp-content\/uploads\/2021\/02\/EWI-Home-Studio-Audio-Fantom-XR-Scarlett-Cubase11.png?fit=300%2C225&amp;ssl=1\" data-large-file=\"https:\/\/i0.wp.com\/www.cadrinet.com\/ewi\/wp-content\/uploads\/2021\/02\/EWI-Home-Studio-Audio-Fantom-XR-Scarlett-Cubase11.png?fit=800%2C599&amp;ssl=1\" class=\"size-medium wp-image-1872 alignright\" src=\"https:\/\/i0.wp.com\/www.cadrinet.com\/ewi\/wp-content\/uploads\/2021\/02\/EWI-Home-Studio-Audio-Fantom-XR-Scarlett-Cubase11.png?resize=300%2C225&#038;ssl=1\" alt=\"\" width=\"300\" height=\"225\" srcset=\"https:\/\/i0.wp.com\/www.cadrinet.com\/ewi\/wp-content\/uploads\/2021\/02\/EWI-Home-Studio-Audio-Fantom-XR-Scarlett-Cubase11.png?resize=300%2C225&amp;ssl=1 300w, https:\/\/i0.wp.com\/www.cadrinet.com\/ewi\/wp-content\/uploads\/2021\/02\/EWI-Home-Studio-Audio-Fantom-XR-Scarlett-Cubase11.png?resize=768%2C575&amp;ssl=1 768w, https:\/\/i0.wp.com\/www.cadrinet.com\/ewi\/wp-content\/uploads\/2021\/02\/EWI-Home-Studio-Audio-Fantom-XR-Scarlett-Cubase11.png?w=863&amp;ssl=1 863w\" sizes=\"auto, (max-width: 300px) 100vw, 300px\" \/><\/a> <strong>Configuration <\/strong> <em><!-- \/wp:post-content -->\r\n\r\n<!-- wp:paragraph \/-->\r\n\r\n<!-- wp:list --><\/em><\/p>\r\n<ul>\r\n<li>instrument <a href=\"https:\/\/fr.audiofanzine.com\/vent-electronique\/akai\/ewi-5000\/\">Akai Ewi 5000<\/a><\/li>\r\n<li>registre du <a href=\"https:\/\/fr.audiofanzine.com\/rack-numerique\/roland\/Fantom-XR\/\">Roland Fantom XR<\/a> &#8211; User 31 \u00ab\u00a0Vibrato Alto Sax\u00a0\u00bb de <a href=\"https:\/\/www.patchmanmusic.com\/index.html\">Patchman Music<\/a> jou\u00e9 dans Cubase<\/li>\r\n<li>BackTrack : fichier audio import\u00e9 et mix\u00e9 dans Cubase<\/li>\r\n<li>Carte son : <a href=\"https:\/\/store.focusrite.com\/fr-fr\/product\/scarlett-8i6-3e-generation\/MOSC0027~MOSC0027\">Focusrite Scarlett 8i6<\/a><\/li>\r\n<li>DAW : <a href=\"https:\/\/new.steinberg.net\/fr\/cubase\/\">Steinberg Cubase Elements 11<\/a> (mixage et export final en Mp3)<\/li>\r\n<\/ul>\r\n<p>&nbsp;&nbsp; <em><!-- \/wp:list -->\r\n\r\n<!-- wp:paragraph --><\/em> <strong>Connectique :<\/strong> <em><!-- \/wp:paragraph -->\r\n\r\n<!-- wp:list --><\/em><\/p>\r\n<ul>\r\n<li>Ewi reli\u00e9 au Fantom XR par la sortie Midi DIN<\/li>\r\n<li>Fantom XR reli\u00e9 \u00e0 la carte son via la sortie audio (2 jacks mono 6.35mm)<\/li>\r\n<li>BackTrack export\u00e9 au format Mp3, import\u00e9 en audio dans Cubase<\/li>\r\n<li>Carte son Focusrite 8i6 reli\u00e9e au PC depuis la sortie USB<\/li>\r\n<li>Enregistrement dans Cubase Elements 11 au format audio<\/li>\r\n<li>Mixage post-enregistrement dans Cubase : piste Ewi &amp; piste BackTrack<\/li>\r\n<li>Exportation du r\u00e9sultat final en MP3 depuis Cubase<\/li>\r\n<\/ul>","protected":false},"excerpt":{"rendered":"<p>Je m&rsquo;immerge une nouvelle fois dans l&rsquo;univers si particulier de V\u00e9ronique Sanson&#8230; Et c&rsquo;est une nouvelle chanson, toute aussi culte&#8230; \u00ab\u00a0Une nuit sur son \u00e9paule\u00a0\u00bb&#8230; toujours de 1972. Alors qu&rsquo;elle termine de produire son second album avec Michel Berg\u00e9, son&#8230; <a href=\"https:\/\/www.cadrinet.com\/ewi\/2021\/02\/27\/une-nuit-sur-ton-epaule-veronique-sanson\/\" class=\"readmore\">Lire la suite&#8230;<span class=\"screen-reader-text\">Une nuit sur ton \u00e9paule &#8211; V\u00e9ronique Sanson<\/span><span class=\"fa fa-angle-double-right\" aria-hidden=\"true\"><\/span><\/a><\/p>\n","protected":false},"author":1,"featured_media":0,"comment_status":"open","ping_status":"open","sticky":false,"template":"","format":"standard","meta":{"jetpack_post_was_ever_published":false,"_jetpack_newsletter_access":"","_jetpack_dont_email_post_to_subs":false,"_jetpack_newsletter_tier_id":0,"_jetpack_memberships_contains_paywalled_content":false,"_jetpack_memberships_contains_paid_content":false,"footnotes":"","jetpack_publicize_message":"","jetpack_publicize_feature_enabled":true,"jetpack_social_post_already_shared":false,"jetpack_social_options":{"image_generator_settings":{"template":"highway","default_image_id":0,"font":"","enabled":false},"version":2}},"categories":[6,5],"tags":[50,32,55,21,31,54,57,33,58,53,59],"class_list":["post-1904","post","type-post","status-publish","format-standard","hentry","category-audios","category-enregistrements","tag-akai","tag-audio","tag-cubase","tag-enregistrement","tag-ewi","tag-fantom-xr","tag-focusrite-scarlett-8i6","tag-mp3","tag-patchman-music","tag-roland","tag-steinberg","content-layout-excerpt-thumb"],"aioseo_notices":[],"jetpack_publicize_connections":[],"jetpack_featured_media_url":"","jetpack_sharing_enabled":true,"jetpack_shortlink":"https:\/\/wp.me\/paHrh2-uI","jetpack_likes_enabled":true,"_links":{"self":[{"href":"https:\/\/www.cadrinet.com\/ewi\/wp-json\/wp\/v2\/posts\/1904","targetHints":{"allow":["GET"]}}],"collection":[{"href":"https:\/\/www.cadrinet.com\/ewi\/wp-json\/wp\/v2\/posts"}],"about":[{"href":"https:\/\/www.cadrinet.com\/ewi\/wp-json\/wp\/v2\/types\/post"}],"author":[{"embeddable":true,"href":"https:\/\/www.cadrinet.com\/ewi\/wp-json\/wp\/v2\/users\/1"}],"replies":[{"embeddable":true,"href":"https:\/\/www.cadrinet.com\/ewi\/wp-json\/wp\/v2\/comments?post=1904"}],"version-history":[{"count":0,"href":"https:\/\/www.cadrinet.com\/ewi\/wp-json\/wp\/v2\/posts\/1904\/revisions"}],"wp:attachment":[{"href":"https:\/\/www.cadrinet.com\/ewi\/wp-json\/wp\/v2\/media?parent=1904"}],"wp:term":[{"taxonomy":"category","embeddable":true,"href":"https:\/\/www.cadrinet.com\/ewi\/wp-json\/wp\/v2\/categories?post=1904"},{"taxonomy":"post_tag","embeddable":true,"href":"https:\/\/www.cadrinet.com\/ewi\/wp-json\/wp\/v2\/tags?post=1904"}],"curies":[{"name":"wp","href":"https:\/\/api.w.org\/{rel}","templated":true}]}}