{"id":1552,"date":"2020-07-21T23:46:51","date_gmt":"2020-07-21T21:46:51","guid":{"rendered":"https:\/\/www.cadrinet.com\/ewi\/?p=1552"},"modified":"2020-07-21T23:49:00","modified_gmt":"2020-07-21T21:49:00","slug":"histoire-eternelle-la-belle-et-la-bete-angela-lansbury-lucie-dolene","status":"publish","type":"post","link":"https:\/\/www.cadrinet.com\/ewi\/2020\/07\/21\/histoire-eternelle-la-belle-et-la-bete-angela-lansbury-lucie-dolene\/","title":{"rendered":"Histoire \u00e9ternelle &#8211; La Belle et la B\u00eate &#8211; Angela Lansbury &#8211; Lucie Dolene"},"content":{"rendered":"<p>Cela fait bien des semaines que, pour des raisons de charge professionnelle intense, je n&rsquo;ai pu jouer de mon Ewi !<br>Ce soir enfin, je m&rsquo;y remets&#8230; il \u00e9tait temps !<\/p>\r\n<p>Mais, \u00e9tant prudent, je m&rsquo;attaque \u00e0 un morceau qui me semble assez simple d&rsquo;ex\u00e9cution, tout en \u00e9tant assez m\u00e9lodieux. <br>Il s&rsquo;agit de la chanson embl\u00e9matique du film des studios Disney \u00ab\u00a0La Belle et la B\u00eate\u00a0\u00bb sorti en 1991.<\/p>\r\n<p>Cette chanson \u00ab\u00a0Histoire Eternelle\u00a0\u00bb est chant\u00e9e dans la version originale par Angela Lansbury (l&rsquo;actrice am\u00e9ricaine bien connue) et dans sa version fran\u00e7aise par Lucie Dolene.<\/p>\r\n<p>J&rsquo;ai choisi le hautbois, et particuli\u00e8rement le son du Hautbois Vivaldi de mon Xpresso. <br>L&rsquo;ex\u00e9cution n&rsquo;est pas parfaite, je suis encore un peu rouill\u00e9&#8230; mais j&rsquo;esp\u00e8re vite m&rsquo;y remettre et retrouver de bonnes habitudes !<\/p>\r\n<p>&nbsp;<\/p>\r\n<audio class=\"wp-audio-shortcode\" id=\"audio-1552-1\" preload=\"none\" style=\"width: 100%;\" controls=\"controls\"><source type=\"audio\/mpeg\" src=\"https:\/\/www.cadrinet.com\/ewi\/wp-content\/uploads\/2020\/07\/Walt-Disney-Histoire-\u00e9ternelle-La-Belle-et-la-B\u00eate-Db-Eb-E-E.mp3?_=1\" \/><a href=\"https:\/\/www.cadrinet.com\/ewi\/wp-content\/uploads\/2020\/07\/Walt-Disney-Histoire-\u00e9ternelle-La-Belle-et-la-B\u00eate-Db-Eb-E-E.mp3\">https:\/\/www.cadrinet.com\/ewi\/wp-content\/uploads\/2020\/07\/Walt-Disney-Histoire-\u00e9ternelle-La-Belle-et-la-B\u00eate-Db-Eb-E-E.mp3<\/a><\/audio>\r\n<p><em>Histoire \u00e9ternelle &#8211; La Belle et la B\u00eate &#8211; Angela Lansbury &#8211; Lucie Dolene &#8211;<\/em> <em>XpressO F1-83 &#8211; Oboe1 Vivaldi<\/em>&nbsp;&nbsp; &nbsp;<\/p>\r\n<p>&nbsp;<\/p>\r\n<p><strong>Configuration <\/strong><em><!-- \/wp:post-content -->\r\n\r\n<!-- wp:paragraph \/-->\r\n\r\n<!-- wp:list --><\/em><\/p>\r\n<ul>\r\n<li><a href=\"https:\/\/fr.audiofanzine.com\/vent-electronique\/akai\/ewi-5000\/\">Akai Ewi 5000<img data-recalc-dims=\"1\" loading=\"lazy\" decoding=\"async\" data-attachment-id=\"1489\" data-permalink=\"https:\/\/www.cadrinet.com\/ewi\/2020\/04\/13\/bourvil-salade-de-fruits\/home-studio-enregistrement-xpresso-mix-2-voix-300x276\/\" data-orig-file=\"https:\/\/i0.wp.com\/www.cadrinet.com\/ewi\/wp-content\/uploads\/2020\/04\/home-studio-enregistrement-xpresso-mix-2-voix-300x276-1.jpg?fit=300%2C276&amp;ssl=1\" data-orig-size=\"300,276\" data-comments-opened=\"1\" data-image-meta=\"{&quot;aperture&quot;:&quot;0&quot;,&quot;credit&quot;:&quot;&quot;,&quot;camera&quot;:&quot;&quot;,&quot;caption&quot;:&quot;&quot;,&quot;created_timestamp&quot;:&quot;0&quot;,&quot;copyright&quot;:&quot;&quot;,&quot;focal_length&quot;:&quot;0&quot;,&quot;iso&quot;:&quot;0&quot;,&quot;shutter_speed&quot;:&quot;0&quot;,&quot;title&quot;:&quot;&quot;,&quot;orientation&quot;:&quot;1&quot;}\" data-image-title=\"home-studio-enregistrement-xpresso-mix-2-voix-300&amp;#215;276\" data-image-description=\"\" data-image-caption=\"\" data-medium-file=\"https:\/\/i0.wp.com\/www.cadrinet.com\/ewi\/wp-content\/uploads\/2020\/04\/home-studio-enregistrement-xpresso-mix-2-voix-300x276-1.jpg?fit=300%2C276&amp;ssl=1\" data-large-file=\"https:\/\/i0.wp.com\/www.cadrinet.com\/ewi\/wp-content\/uploads\/2020\/04\/home-studio-enregistrement-xpresso-mix-2-voix-300x276-1.jpg?fit=300%2C276&amp;ssl=1\" class=\"size-full wp-image-1489 alignright\" src=\"https:\/\/i0.wp.com\/www.cadrinet.com\/ewi\/wp-content\/uploads\/2020\/04\/home-studio-enregistrement-xpresso-mix-2-voix-300x276-1.jpg?resize=300%2C276&#038;ssl=1\" alt=\"\" width=\"300\" height=\"276\"><\/a><\/li>\r\n<li>registre du DynaSample XpressO F1-83 &#8211; Oboe1 Vivaldi<\/li>\r\n<li>&nbsp;BackTrack : fichier MP3 de backing track import\u00e9 dans Audacity<\/li>\r\n<li>Mixage : table <a href=\"https:\/\/fr.audiofanzine.com\/console-fw-usb-mlan\/behringer\/xenyx-q502usb\/\">Behringer Xenyx Q502 USB<\/a>&nbsp;&nbsp;<\/li>\r\n<li>Enregistrement : logiciel open source <a href=\"http:\/\/audacity.fr\/\">A<\/a><a href=\"http:\/\/audacity.fr\/\">udacity<\/a> sur PC<\/li>\r\n<\/ul>\r\n<p>&nbsp;&nbsp; <em><!-- \/wp:list -->\r\n\r\n<!-- wp:paragraph --><\/em> <strong>Connectique :<\/strong> <em><!-- \/wp:paragraph -->\r\n\r\n<!-- wp:list --><\/em><\/p>\r\n<ul>\r\n<li>Ewi reli\u00e9 \u00e0 la table de mixage via la sortie Line (jack st\u00e9r\u00e9o 6.35mm -&gt; entr\u00e9e audio double jack mono 6.35mm)<\/li>\r\n<li>BackTrack sur PC sortie sur jack st\u00e9r\u00e9o 3.5 mm<\/li>\r\n<li>Table de mixage reli\u00e9e au PC depuis la sortie USB<\/li>\r\n<li>Enregistrement de la voix Ewi dans Audacity<\/li>\r\n<li>Mixage, Ewi + BackTrack post enregistrement dans Audacity<\/li>\r\n<li>Exportation du r\u00e9sultat final en MP3<\/li>\r\n<\/ul>","protected":false},"excerpt":{"rendered":"<p>Cela fait bien des semaines que, pour des raisons de charge professionnelle intense, je n&rsquo;ai pu jouer de mon Ewi !Ce soir enfin, je m&rsquo;y remets&#8230; il \u00e9tait temps ! Mais, \u00e9tant prudent, je m&rsquo;attaque \u00e0 un morceau qui me&#8230; <a href=\"https:\/\/www.cadrinet.com\/ewi\/2020\/07\/21\/histoire-eternelle-la-belle-et-la-bete-angela-lansbury-lucie-dolene\/\" class=\"readmore\">Lire la suite&#8230;<span class=\"screen-reader-text\">Histoire \u00e9ternelle &#8211; La Belle et la B\u00eate &#8211; Angela Lansbury &#8211; Lucie Dolene<\/span><span class=\"fa fa-angle-double-right\" aria-hidden=\"true\"><\/span><\/a><\/p>\n","protected":false},"author":1,"featured_media":0,"comment_status":"open","ping_status":"open","sticky":false,"template":"","format":"standard","meta":{"jetpack_post_was_ever_published":false,"_jetpack_newsletter_access":"","_jetpack_dont_email_post_to_subs":false,"_jetpack_newsletter_tier_id":0,"_jetpack_memberships_contains_paywalled_content":false,"_jetpack_memberships_contains_paid_content":false,"footnotes":"","jetpack_publicize_message":"","jetpack_publicize_feature_enabled":true,"jetpack_social_post_already_shared":false,"jetpack_social_options":{"image_generator_settings":{"template":"highway","default_image_id":0,"font":"","enabled":false},"version":2}},"categories":[6,5],"tags":[32,40,21,33,41],"class_list":["post-1552","post","type-post","status-publish","format-standard","hentry","category-audios","category-enregistrements","tag-audio","tag-dynasample","tag-enregistrement","tag-mp3","tag-xpresso","content-layout-excerpt-thumb"],"aioseo_notices":[],"jetpack_publicize_connections":[],"jetpack_featured_media_url":"","jetpack_sharing_enabled":true,"jetpack_shortlink":"https:\/\/wp.me\/paHrh2-p2","jetpack_likes_enabled":true,"_links":{"self":[{"href":"https:\/\/www.cadrinet.com\/ewi\/wp-json\/wp\/v2\/posts\/1552","targetHints":{"allow":["GET"]}}],"collection":[{"href":"https:\/\/www.cadrinet.com\/ewi\/wp-json\/wp\/v2\/posts"}],"about":[{"href":"https:\/\/www.cadrinet.com\/ewi\/wp-json\/wp\/v2\/types\/post"}],"author":[{"embeddable":true,"href":"https:\/\/www.cadrinet.com\/ewi\/wp-json\/wp\/v2\/users\/1"}],"replies":[{"embeddable":true,"href":"https:\/\/www.cadrinet.com\/ewi\/wp-json\/wp\/v2\/comments?post=1552"}],"version-history":[{"count":0,"href":"https:\/\/www.cadrinet.com\/ewi\/wp-json\/wp\/v2\/posts\/1552\/revisions"}],"wp:attachment":[{"href":"https:\/\/www.cadrinet.com\/ewi\/wp-json\/wp\/v2\/media?parent=1552"}],"wp:term":[{"taxonomy":"category","embeddable":true,"href":"https:\/\/www.cadrinet.com\/ewi\/wp-json\/wp\/v2\/categories?post=1552"},{"taxonomy":"post_tag","embeddable":true,"href":"https:\/\/www.cadrinet.com\/ewi\/wp-json\/wp\/v2\/tags?post=1552"}],"curies":[{"name":"wp","href":"https:\/\/api.w.org\/{rel}","templated":true}]}}