{"id":1515,"date":"2020-05-18T14:35:33","date_gmt":"2020-05-18T12:35:33","guid":{"rendered":"https:\/\/www.cadrinet.com\/ewi\/?p=1515"},"modified":"2020-05-18T23:43:51","modified_gmt":"2020-05-18T21:43:51","slug":"jean-ferrat-lamour-est-cerise","status":"publish","type":"post","link":"https:\/\/www.cadrinet.com\/ewi\/2020\/05\/18\/jean-ferrat-lamour-est-cerise\/","title":{"rendered":"Jean Ferrat &#8211; L&rsquo;amour est cerise"},"content":{"rendered":"<p>Je n&rsquo;avais pas encore jou\u00e9 beaucoup de Ferrat. Et puis, au gr\u00e9 de mes balades sur internet, je tombe sur cette chanson de 1979 que j&rsquo;avais un peu oubli\u00e9e, mais \u00e0 la m\u00e9lodie classique avec un accompagnement d&rsquo;orchestre qui m&rsquo;a tent\u00e9.<\/p>\r\n<p>La difficult\u00e9 est, comme toutes les chansons \u00e0 texte, la longueur, donc la r\u00e9p\u00e9tition des couplets. <br>Pour ne pas lasser, lors d&rsquo;une ex\u00e9cution purement instrumentale, j&rsquo;opte pour la variation des instruments, ce qui permet aussi de mettre en valeur tout le potentiel du boitier g\u00e9nial de l&rsquo;XpressO de DynaSample. <br>j&rsquo;ai essay\u00e9 \u00e9galement, pour \u00e9viter la monotonie, d&rsquo;ajouter une seconde voix.<\/p>\r\n<p>Cette premi\u00e8re version n&rsquo;est pas parfaite mais me semble int\u00e9ressante. <br>Les instruments successifs pour les six couplets sont : la fl\u00fbte traversi\u00e8re, la clarinette (seconde voix : fl\u00fbte), le hautbois (seconde voix : clarinette), le bugle (seconde voix : hautbois), la fl\u00fbte de Pan (\u00e0 deux voix), la fl\u00fbte traversi\u00e8re (\u00e0 deux voix) pour terminer. &nbsp;<\/p>\r\n<audio class=\"wp-audio-shortcode\" id=\"audio-1515-1\" preload=\"none\" style=\"width: 100%;\" controls=\"controls\"><source type=\"audio\/mpeg\" src=\"https:\/\/www.cadrinet.com\/ewi\/wp-content\/uploads\/2020\/05\/Jean-Ferrat-L\u2019amour-est-cerise-Eb-A-E.mp3?_=1\" \/><a href=\"https:\/\/www.cadrinet.com\/ewi\/wp-content\/uploads\/2020\/05\/Jean-Ferrat-L\u2019amour-est-cerise-Eb-A-E.mp3\">https:\/\/www.cadrinet.com\/ewi\/wp-content\/uploads\/2020\/05\/Jean-Ferrat-L\u2019amour-est-cerise-Eb-A-E.mp3<\/a><\/audio>\r\n<p><em>Jean Ferrat &#8211; L&rsquo;amour est cerise &#8211;<\/em> <em>XpressO F3-01 &#8211; Fl\u00fbte1 Vibrato, F3-25 &#8211; Clarinette, F3-17 Hautbois, F3-78 Bugle, F3-07 Fl\u00fbte de Pan<\/em> &nbsp;<\/p>\r\n<p>&nbsp;<\/p>\r\n<p><strong>Configuration <\/strong><em><!-- \/wp:post-content -->\r\n\r\n<!-- wp:paragraph \/-->\r\n\r\n<!-- wp:list --><\/em><\/p>\r\n<ul>\r\n<li><a href=\"https:\/\/fr.audiofanzine.com\/vent-electronique\/akai\/ewi-5000\/\">Akai Ewi 5000<img data-recalc-dims=\"1\" loading=\"lazy\" decoding=\"async\" data-attachment-id=\"1489\" data-permalink=\"https:\/\/www.cadrinet.com\/ewi\/2020\/04\/13\/bourvil-salade-de-fruits\/home-studio-enregistrement-xpresso-mix-2-voix-300x276\/\" data-orig-file=\"https:\/\/i0.wp.com\/www.cadrinet.com\/ewi\/wp-content\/uploads\/2020\/04\/home-studio-enregistrement-xpresso-mix-2-voix-300x276-1.jpg?fit=300%2C276&amp;ssl=1\" data-orig-size=\"300,276\" data-comments-opened=\"1\" data-image-meta=\"{&quot;aperture&quot;:&quot;0&quot;,&quot;credit&quot;:&quot;&quot;,&quot;camera&quot;:&quot;&quot;,&quot;caption&quot;:&quot;&quot;,&quot;created_timestamp&quot;:&quot;0&quot;,&quot;copyright&quot;:&quot;&quot;,&quot;focal_length&quot;:&quot;0&quot;,&quot;iso&quot;:&quot;0&quot;,&quot;shutter_speed&quot;:&quot;0&quot;,&quot;title&quot;:&quot;&quot;,&quot;orientation&quot;:&quot;1&quot;}\" data-image-title=\"home-studio-enregistrement-xpresso-mix-2-voix-300&amp;#215;276\" data-image-description=\"\" data-image-caption=\"\" data-medium-file=\"https:\/\/i0.wp.com\/www.cadrinet.com\/ewi\/wp-content\/uploads\/2020\/04\/home-studio-enregistrement-xpresso-mix-2-voix-300x276-1.jpg?fit=300%2C276&amp;ssl=1\" data-large-file=\"https:\/\/i0.wp.com\/www.cadrinet.com\/ewi\/wp-content\/uploads\/2020\/04\/home-studio-enregistrement-xpresso-mix-2-voix-300x276-1.jpg?fit=300%2C276&amp;ssl=1\" class=\"size-full wp-image-1489 alignright\" src=\"https:\/\/i0.wp.com\/www.cadrinet.com\/ewi\/wp-content\/uploads\/2020\/04\/home-studio-enregistrement-xpresso-mix-2-voix-300x276-1.jpg?resize=300%2C276&#038;ssl=1\" alt=\"\" width=\"300\" height=\"276\"><\/a><\/li>\r\n<li>registre du DynaSample XpressO F3-01 &#8211; Fl\u00fbte1 Vibrato, F3-25 &#8211; Clarinette, F3-17 Hautbois, F3-78 Bugle, F3-07 Fl\u00fbte de Pan<\/li>\r\n<li>&nbsp;BackTrack : fichier MP3 de backing track import\u00e9 dans Audacity<\/li>\r\n<li>Mixage : table <a href=\"https:\/\/fr.audiofanzine.com\/console-fw-usb-mlan\/behringer\/xenyx-q502usb\/\">Behringer Xenyx Q502 USB<\/a>&nbsp;&nbsp;<\/li>\r\n<li>Enregistrement : logiciel open source <a href=\"http:\/\/audacity.fr\/\">A<\/a><a href=\"http:\/\/audacity.fr\/\">udacity<\/a> sur PC<\/li>\r\n<\/ul>\r\n<p>&nbsp;&nbsp; <em><!-- \/wp:list -->\r\n\r\n<!-- wp:paragraph --><\/em> <strong>Connectique :<\/strong> <em><!-- \/wp:paragraph -->\r\n\r\n<!-- wp:list --><\/em><\/p>\r\n<ul>\r\n<li>Ewi reli\u00e9 \u00e0 la table de mixage via la sortie Line (jack st\u00e9r\u00e9o 6.35mm -&gt; entr\u00e9e audio double jack mono 6.35mm)<\/li>\r\n<li>BackTrack sur PC sortie sur jack st\u00e9r\u00e9o 3.5 mm<\/li>\r\n<li>Table de mixage reli\u00e9e au PC depuis la sortie USB<\/li>\r\n<li>Enregistrement des voix Ewi dans Audacity<\/li>\r\n<li>Mixage, \u00e9galisation, r\u00e9duction de bruit de l&rsquo;Ewi + BackTrack post enregistrement dans Audacity<\/li>\r\n<li>Exportation du r\u00e9sultat final en MP3<\/li>\r\n<\/ul>","protected":false},"excerpt":{"rendered":"<p>Je n&rsquo;avais pas encore jou\u00e9 beaucoup de Ferrat. Et puis, au gr\u00e9 de mes balades sur internet, je tombe sur cette chanson de 1979 que j&rsquo;avais un peu oubli\u00e9e, mais \u00e0 la m\u00e9lodie classique avec un accompagnement d&rsquo;orchestre qui m&rsquo;a&#8230; <a href=\"https:\/\/www.cadrinet.com\/ewi\/2020\/05\/18\/jean-ferrat-lamour-est-cerise\/\" class=\"readmore\">Lire la suite&#8230;<span class=\"screen-reader-text\">Jean Ferrat &#8211; L&rsquo;amour est cerise<\/span><span class=\"fa fa-angle-double-right\" aria-hidden=\"true\"><\/span><\/a><\/p>\n","protected":false},"author":1,"featured_media":0,"comment_status":"open","ping_status":"open","sticky":false,"template":"","format":"standard","meta":{"jetpack_post_was_ever_published":false,"_jetpack_newsletter_access":"","_jetpack_dont_email_post_to_subs":false,"_jetpack_newsletter_tier_id":0,"_jetpack_memberships_contains_paywalled_content":false,"_jetpack_memberships_contains_paid_content":false,"footnotes":"","jetpack_publicize_message":"","jetpack_publicize_feature_enabled":true,"jetpack_social_post_already_shared":false,"jetpack_social_options":{"image_generator_settings":{"template":"highway","default_image_id":0,"font":"","enabled":false},"version":2}},"categories":[6,5],"tags":[32,40,21,33,44,41],"class_list":["post-1515","post","type-post","status-publish","format-standard","hentry","category-audios","category-enregistrements","tag-audio","tag-dynasample","tag-enregistrement","tag-mp3","tag-plusieurs-voix","tag-xpresso","content-layout-excerpt-thumb"],"aioseo_notices":[],"jetpack_publicize_connections":[],"jetpack_featured_media_url":"","jetpack_sharing_enabled":true,"jetpack_shortlink":"https:\/\/wp.me\/paHrh2-or","jetpack_likes_enabled":true,"_links":{"self":[{"href":"https:\/\/www.cadrinet.com\/ewi\/wp-json\/wp\/v2\/posts\/1515","targetHints":{"allow":["GET"]}}],"collection":[{"href":"https:\/\/www.cadrinet.com\/ewi\/wp-json\/wp\/v2\/posts"}],"about":[{"href":"https:\/\/www.cadrinet.com\/ewi\/wp-json\/wp\/v2\/types\/post"}],"author":[{"embeddable":true,"href":"https:\/\/www.cadrinet.com\/ewi\/wp-json\/wp\/v2\/users\/1"}],"replies":[{"embeddable":true,"href":"https:\/\/www.cadrinet.com\/ewi\/wp-json\/wp\/v2\/comments?post=1515"}],"version-history":[{"count":0,"href":"https:\/\/www.cadrinet.com\/ewi\/wp-json\/wp\/v2\/posts\/1515\/revisions"}],"wp:attachment":[{"href":"https:\/\/www.cadrinet.com\/ewi\/wp-json\/wp\/v2\/media?parent=1515"}],"wp:term":[{"taxonomy":"category","embeddable":true,"href":"https:\/\/www.cadrinet.com\/ewi\/wp-json\/wp\/v2\/categories?post=1515"},{"taxonomy":"post_tag","embeddable":true,"href":"https:\/\/www.cadrinet.com\/ewi\/wp-json\/wp\/v2\/tags?post=1515"}],"curies":[{"name":"wp","href":"https:\/\/api.w.org\/{rel}","templated":true}]}}