{"id":1238,"date":"2019-11-01T23:21:25","date_gmt":"2019-11-01T22:21:25","guid":{"rendered":"https:\/\/www.cadrinet.com\/ewi\/?p=1238"},"modified":"2019-11-02T01:23:08","modified_gmt":"2019-11-02T00:23:08","slug":"pauline-ester-une-fenetre-ouverte","status":"publish","type":"post","link":"https:\/\/www.cadrinet.com\/ewi\/2019\/11\/01\/pauline-ester-une-fenetre-ouverte\/","title":{"rendered":"Pauline Ester &#8211; Une fen\u00eatre ouverte"},"content":{"rendered":"<p>Cette chanson de Pauline Ester est sortie en 1991.<\/p>\r\n<p>Pauline Ester, toulousaine de naissance, a \u00e9t\u00e9 inspir\u00e9e pour son pseudo par un camion transportant du polyester, qu&rsquo;elle a suivi sur l&rsquo;autoroute qui la conduisait \u00e0 Paris pour y faire carri\u00e8re&#8230;<\/p>\r\n<p>Cette chanson, construite sur un rythme br\u00e9silien, est jou\u00e9e \u00e0 l&rsquo;Ewi, avec le module sonore DynaSample Xpresso, et le son d&rsquo;une fl\u00fbte traversi\u00e8re jazz \u00ab\u00a0Jazzy Fl\u00fbte\u00a0\u00bb(F3-06). &nbsp; &nbsp;<\/p>\r\n<p>&nbsp;<\/p>\r\n<audio class=\"wp-audio-shortcode\" id=\"audio-1238-1\" preload=\"none\" style=\"width: 100%;\" controls=\"controls\"><source type=\"audio\/mpeg\" src=\"https:\/\/www.cadrinet.com\/ewi\/wp-content\/uploads\/2019\/11\/Pauline-Ester-Une-fenetre-ouverte-a-e-E.mp3?_=1\" \/><a href=\"https:\/\/www.cadrinet.com\/ewi\/wp-content\/uploads\/2019\/11\/Pauline-Ester-Une-fenetre-ouverte-a-e-E.mp3\">https:\/\/www.cadrinet.com\/ewi\/wp-content\/uploads\/2019\/11\/Pauline-Ester-Une-fenetre-ouverte-a-e-E.mp3<\/a><\/audio>\r\n<p><em>Pauline Ester &#8211; Une fen\u00eatre ouverte &#8211; XpressO&nbsp; Jazzy Fl\u00fbte <\/em><\/p>\r\n<p>&nbsp;<\/p>\r\n<p><strong>Configuration <\/strong> &nbsp; <em><!-- \/wp:post-content -->\r\n\r\n<!-- wp:paragraph \/-->\r\n\r\n<!-- wp:list --><\/em><\/p>\r\n<ul>\r\n<li><a href=\"https:\/\/fr.audiofanzine.com\/vent-electronique\/akai\/ewi-5000\/\">Akai Ewi 5000<\/a><\/li>\r\n<li><a href=\"https:\/\/dynasample.com\/xpresso\">DynaSample XpressO<\/a> : registre Jazzy Fl\u00fbte (F3-06). &nbsp;<\/li>\r\n<li>BackTrack : fichier de backing track import\u00e9 dans Audacity<\/li>\r\n<li>Mixage : table <a href=\"https:\/\/fr.audiofanzine.com\/console-fw-usb-mlan\/behringer\/xenyx-q502usb\/\">Behringer Xenyx Q502 USB<\/a>&nbsp;&nbsp;<\/li>\r\n<li>Enregistrement : logiciel open source <a href=\"http:\/\/audacity.fr\/\">A<\/a><a href=\"http:\/\/audacity.fr\/\">udacity<\/a> sur PC<\/li>\r\n<\/ul>\r\n<p>&nbsp; <img data-recalc-dims=\"1\" loading=\"lazy\" decoding=\"async\" data-attachment-id=\"1114\" data-permalink=\"https:\/\/www.cadrinet.com\/ewi\/2019\/06\/19\/realisation-dune-connexion-en-y-pour-ecouter-deux-sources-audios-dans-un-meme-casque\/home-studio-enregistrement-mix-2-voix\/\" data-orig-file=\"https:\/\/i0.wp.com\/www.cadrinet.com\/ewi\/wp-content\/uploads\/2019\/06\/home-studio-enregistrement-mix-2-voix.jpg?fit=540%2C496&amp;ssl=1\" data-orig-size=\"540,496\" data-comments-opened=\"1\" data-image-meta=\"{&quot;aperture&quot;:&quot;0&quot;,&quot;credit&quot;:&quot;&quot;,&quot;camera&quot;:&quot;&quot;,&quot;caption&quot;:&quot;&quot;,&quot;created_timestamp&quot;:&quot;0&quot;,&quot;copyright&quot;:&quot;&quot;,&quot;focal_length&quot;:&quot;0&quot;,&quot;iso&quot;:&quot;0&quot;,&quot;shutter_speed&quot;:&quot;0&quot;,&quot;title&quot;:&quot;&quot;,&quot;orientation&quot;:&quot;0&quot;}\" data-image-title=\"home studio enregistrement mix 2 voix\" data-image-description=\"\" data-image-caption=\"\" data-medium-file=\"https:\/\/i0.wp.com\/www.cadrinet.com\/ewi\/wp-content\/uploads\/2019\/06\/home-studio-enregistrement-mix-2-voix.jpg?fit=300%2C276&amp;ssl=1\" data-large-file=\"https:\/\/i0.wp.com\/www.cadrinet.com\/ewi\/wp-content\/uploads\/2019\/06\/home-studio-enregistrement-mix-2-voix.jpg?fit=540%2C496&amp;ssl=1\" class=\"alignnone  wp-image-1114 aligncenter\" src=\"https:\/\/i0.wp.com\/www.cadrinet.com\/ewi\/wp-content\/uploads\/2019\/06\/home-studio-enregistrement-mix-2-voix.jpg?resize=238%2C219&#038;ssl=1\" alt=\"\" width=\"238\" height=\"219\" srcset=\"https:\/\/i0.wp.com\/www.cadrinet.com\/ewi\/wp-content\/uploads\/2019\/06\/home-studio-enregistrement-mix-2-voix.jpg?resize=300%2C276&amp;ssl=1 300w, https:\/\/i0.wp.com\/www.cadrinet.com\/ewi\/wp-content\/uploads\/2019\/06\/home-studio-enregistrement-mix-2-voix.jpg?w=540&amp;ssl=1 540w\" sizes=\"auto, (max-width: 238px) 100vw, 238px\" \/> <em><!-- \/wp:list -->\r\n\r\n<!-- wp:paragraph --><\/em> <strong>Connectique :<\/strong> <em><!-- \/wp:paragraph -->\r\n\r\n<!-- wp:list --><\/em><\/p>\r\n<ul>\r\n<li>Ewi reli\u00e9 \u00e0 l&rsquo;XpressO par le c\u00e2ble USB<\/li>\r\n<li>XpressO reli\u00e9 \u00e0 la table de mixage via la sortie Line (jack st\u00e9r\u00e9o 6.35mm -&gt; entr\u00e9e audio double jack mono 6.35mm)<\/li>\r\n<li>BackTrack sur PC sortie sur jack st\u00e9r\u00e9o 3.5 mm<\/li>\r\n<li>Table de mixage reli\u00e9e au PC depuis la sortie USB<\/li>\r\n<li>Enregistrement de la voix dans Audacity<\/li>\r\n<li>Mixage de la voix + BackTrack post enregistrement dans Audacity<\/li>\r\n<li>Exportation du r\u00e9sultat final en MP3<\/li>\r\n<\/ul>","protected":false},"excerpt":{"rendered":"<p>Cette chanson de Pauline Ester est sortie en 1991. Pauline Ester, toulousaine de naissance, a \u00e9t\u00e9 inspir\u00e9e pour son pseudo par un camion transportant du polyester, qu&rsquo;elle a suivi sur l&rsquo;autoroute qui la conduisait \u00e0 Paris pour y faire carri\u00e8re&#8230;&#8230; <a href=\"https:\/\/www.cadrinet.com\/ewi\/2019\/11\/01\/pauline-ester-une-fenetre-ouverte\/\" class=\"readmore\">Lire la suite&#8230;<span class=\"screen-reader-text\">Pauline Ester &#8211; Une fen\u00eatre ouverte<\/span><span class=\"fa fa-angle-double-right\" aria-hidden=\"true\"><\/span><\/a><\/p>\n","protected":false},"author":1,"featured_media":0,"comment_status":"open","ping_status":"open","sticky":false,"template":"","format":"standard","meta":{"jetpack_post_was_ever_published":false,"_jetpack_newsletter_access":"","_jetpack_dont_email_post_to_subs":false,"_jetpack_newsletter_tier_id":0,"_jetpack_memberships_contains_paywalled_content":false,"_jetpack_memberships_contains_paid_content":false,"footnotes":"","jetpack_publicize_message":"","jetpack_publicize_feature_enabled":true,"jetpack_social_post_already_shared":true,"jetpack_social_options":{"image_generator_settings":{"template":"highway","default_image_id":0,"font":"","enabled":false},"version":2}},"categories":[6,5],"tags":[32,40,21,33,41],"class_list":["post-1238","post","type-post","status-publish","format-standard","hentry","category-audios","category-enregistrements","tag-audio","tag-dynasample","tag-enregistrement","tag-mp3","tag-xpresso","content-layout-excerpt-thumb"],"aioseo_notices":[],"jetpack_publicize_connections":[],"jetpack_featured_media_url":"","jetpack_sharing_enabled":true,"jetpack_shortlink":"https:\/\/wp.me\/paHrh2-jY","jetpack_likes_enabled":true,"_links":{"self":[{"href":"https:\/\/www.cadrinet.com\/ewi\/wp-json\/wp\/v2\/posts\/1238","targetHints":{"allow":["GET"]}}],"collection":[{"href":"https:\/\/www.cadrinet.com\/ewi\/wp-json\/wp\/v2\/posts"}],"about":[{"href":"https:\/\/www.cadrinet.com\/ewi\/wp-json\/wp\/v2\/types\/post"}],"author":[{"embeddable":true,"href":"https:\/\/www.cadrinet.com\/ewi\/wp-json\/wp\/v2\/users\/1"}],"replies":[{"embeddable":true,"href":"https:\/\/www.cadrinet.com\/ewi\/wp-json\/wp\/v2\/comments?post=1238"}],"version-history":[{"count":0,"href":"https:\/\/www.cadrinet.com\/ewi\/wp-json\/wp\/v2\/posts\/1238\/revisions"}],"wp:attachment":[{"href":"https:\/\/www.cadrinet.com\/ewi\/wp-json\/wp\/v2\/media?parent=1238"}],"wp:term":[{"taxonomy":"category","embeddable":true,"href":"https:\/\/www.cadrinet.com\/ewi\/wp-json\/wp\/v2\/categories?post=1238"},{"taxonomy":"post_tag","embeddable":true,"href":"https:\/\/www.cadrinet.com\/ewi\/wp-json\/wp\/v2\/tags?post=1238"}],"curies":[{"name":"wp","href":"https:\/\/api.w.org\/{rel}","templated":true}]}}