{"id":1230,"date":"2019-09-28T00:00:23","date_gmt":"2019-09-27T22:00:23","guid":{"rendered":"https:\/\/www.cadrinet.com\/ewi\/?p=1230"},"modified":"2019-09-28T02:41:31","modified_gmt":"2019-09-28T00:41:31","slug":"the-mamas-and-the-papas-dream-a-little-dream-of-me","status":"publish","type":"post","link":"https:\/\/www.cadrinet.com\/ewi\/2019\/09\/28\/the-mamas-and-the-papas-dream-a-little-dream-of-me\/","title":{"rendered":"The mamas and the papas &#8211; Dream a little dream of me"},"content":{"rendered":"<p>Cette chanson, sortie en 1931, a \u00e9t\u00e9 chant\u00e9e et reprise par nombre d&rsquo;interpr\u00e8tes.<br>Elle a \u00e9t\u00e9 popularis\u00e9e initialement par Doris Day ou par le duo Ella Fitzgerald et Louis Armstrong.<\/p>\r\n<p>Mais la version pop de Mama Cass, la chanteuse du groupe \u00ab\u00a0The mamas and the papas\u00a0\u00bb, en 1968, donne une nouvelle dimension \u00e0 la chanson. Cette version devient m\u00eame la version de r\u00e9f\u00e9rence de la chanson.<\/p>\r\n<p>Plus r\u00e9cemment, elle a \u00e9t\u00e9 reprise par Robbie Williams et Lilly Allen en 2013.<\/p>\r\n<p>Mais j&rsquo;avoue que la version fran\u00e7aise de la chanteuse Enzo Enzo, en 1990 sous le titre \u00ab\u00a0Les yeux ouverts\u00a0\u00bb, est un petit bijou, unanimement reconnu pour sa qualit\u00e9.<\/p>\r\n<p>Je joue cette chanson \u00e0 l&rsquo;Ewi, avec le module sonore DynaSample Xpresso, et toujours le son du saxo Legit Tenor (F3-60). &nbsp; &nbsp;<\/p>\r\n<p>&nbsp;<\/p>\r\n<audio class=\"wp-audio-shortcode\" id=\"audio-1230-1\" preload=\"none\" style=\"width: 100%;\" controls=\"controls\"><source type=\"audio\/mpeg\" src=\"https:\/\/www.cadrinet.com\/ewi\/wp-content\/uploads\/2019\/09\/Mama-Cass-Dream-a-little-dream-of-me-CA-C-E.mp3?_=1\" \/><a href=\"https:\/\/www.cadrinet.com\/ewi\/wp-content\/uploads\/2019\/09\/Mama-Cass-Dream-a-little-dream-of-me-CA-C-E.mp3\">https:\/\/www.cadrinet.com\/ewi\/wp-content\/uploads\/2019\/09\/Mama-Cass-Dream-a-little-dream-of-me-CA-C-E.mp3<\/a><\/audio>\r\n<p><em>The mamas and the papas &#8211; Dream a little dream of me &#8211; XpressO&nbsp; Saxo Legit Tenor <\/em><\/p>\r\n<p><strong>Configuration <\/strong> &nbsp; <em><!-- \/wp:post-content -->\r\n\r\n<!-- wp:paragraph \/-->\r\n\r\n<!-- wp:list --><\/em><\/p>\r\n<ul>\r\n<li><a href=\"https:\/\/fr.audiofanzine.com\/vent-electronique\/akai\/ewi-5000\/\">Akai Ewi 5000<\/a><\/li>\r\n<li><a href=\"https:\/\/dynasample.com\/xpresso\">DynaSample XpressO<\/a> : registre Saxo Legit Tenor (F3-60). &nbsp;<\/li>\r\n<li>BackTrack : fichier de backing track import\u00e9 dans Audacity<\/li>\r\n<li>Mixage : table <a href=\"https:\/\/fr.audiofanzine.com\/console-fw-usb-mlan\/behringer\/xenyx-q502usb\/\">Behringer Xenyx Q502 USB<\/a>&nbsp;&nbsp;<\/li>\r\n<li>Enregistrement : logiciel open source <a href=\"http:\/\/audacity.fr\/\">A<\/a><a href=\"http:\/\/audacity.fr\/\">udacity<\/a> sur PC<\/li>\r\n<\/ul>\r\n<p>&nbsp; <img data-recalc-dims=\"1\" loading=\"lazy\" decoding=\"async\" data-attachment-id=\"1114\" data-permalink=\"https:\/\/www.cadrinet.com\/ewi\/2019\/06\/19\/realisation-dune-connexion-en-y-pour-ecouter-deux-sources-audios-dans-un-meme-casque\/home-studio-enregistrement-mix-2-voix\/\" data-orig-file=\"https:\/\/i0.wp.com\/www.cadrinet.com\/ewi\/wp-content\/uploads\/2019\/06\/home-studio-enregistrement-mix-2-voix.jpg?fit=540%2C496&amp;ssl=1\" data-orig-size=\"540,496\" data-comments-opened=\"1\" data-image-meta=\"{&quot;aperture&quot;:&quot;0&quot;,&quot;credit&quot;:&quot;&quot;,&quot;camera&quot;:&quot;&quot;,&quot;caption&quot;:&quot;&quot;,&quot;created_timestamp&quot;:&quot;0&quot;,&quot;copyright&quot;:&quot;&quot;,&quot;focal_length&quot;:&quot;0&quot;,&quot;iso&quot;:&quot;0&quot;,&quot;shutter_speed&quot;:&quot;0&quot;,&quot;title&quot;:&quot;&quot;,&quot;orientation&quot;:&quot;0&quot;}\" data-image-title=\"home studio enregistrement mix 2 voix\" data-image-description=\"\" data-image-caption=\"\" data-medium-file=\"https:\/\/i0.wp.com\/www.cadrinet.com\/ewi\/wp-content\/uploads\/2019\/06\/home-studio-enregistrement-mix-2-voix.jpg?fit=300%2C276&amp;ssl=1\" data-large-file=\"https:\/\/i0.wp.com\/www.cadrinet.com\/ewi\/wp-content\/uploads\/2019\/06\/home-studio-enregistrement-mix-2-voix.jpg?fit=540%2C496&amp;ssl=1\" class=\"alignnone  wp-image-1114 aligncenter\" src=\"https:\/\/i0.wp.com\/www.cadrinet.com\/ewi\/wp-content\/uploads\/2019\/06\/home-studio-enregistrement-mix-2-voix.jpg?resize=238%2C219&#038;ssl=1\" alt=\"\" width=\"238\" height=\"219\" srcset=\"https:\/\/i0.wp.com\/www.cadrinet.com\/ewi\/wp-content\/uploads\/2019\/06\/home-studio-enregistrement-mix-2-voix.jpg?resize=300%2C276&amp;ssl=1 300w, https:\/\/i0.wp.com\/www.cadrinet.com\/ewi\/wp-content\/uploads\/2019\/06\/home-studio-enregistrement-mix-2-voix.jpg?w=540&amp;ssl=1 540w\" sizes=\"auto, (max-width: 238px) 100vw, 238px\" \/> <em><!-- \/wp:list -->\r\n\r\n<!-- wp:paragraph --><\/em> <strong>Connectique :<\/strong> <em><!-- \/wp:paragraph -->\r\n\r\n<!-- wp:list --><\/em><\/p>\r\n<ul>\r\n<li>Ewi reli\u00e9 \u00e0 l&rsquo;XpressO par le c\u00e2ble USB<\/li>\r\n<li>XpressO reli\u00e9 \u00e0 la table de mixage via la sortie Line (jack st\u00e9r\u00e9o 6.35mm -&gt; entr\u00e9e audio double jack mono 6.35mm)<\/li>\r\n<li>BackTrack sur PC sortie sur jack st\u00e9r\u00e9o 3.5 mm<\/li>\r\n<li>Table de mixage reli\u00e9e au PC depuis la sortie USB<\/li>\r\n<li>Enregistrement de la voix dans Audacity<\/li>\r\n<li>Mixage de la voix + BackTrack post enregistrement dans Audacity<\/li>\r\n<li>Exportation du r\u00e9sultat final en MP3<\/li>\r\n<\/ul>","protected":false},"excerpt":{"rendered":"<p>Cette chanson, sortie en 1931, a \u00e9t\u00e9 chant\u00e9e et reprise par nombre d&rsquo;interpr\u00e8tes.Elle a \u00e9t\u00e9 popularis\u00e9e initialement par Doris Day ou par le duo Ella Fitzgerald et Louis Armstrong. Mais la version pop de Mama Cass, la chanteuse du groupe&#8230; <a href=\"https:\/\/www.cadrinet.com\/ewi\/2019\/09\/28\/the-mamas-and-the-papas-dream-a-little-dream-of-me\/\" class=\"readmore\">Lire la suite&#8230;<span class=\"screen-reader-text\">The mamas and the papas &#8211; Dream a little dream of me<\/span><span class=\"fa fa-angle-double-right\" aria-hidden=\"true\"><\/span><\/a><\/p>\n","protected":false},"author":1,"featured_media":0,"comment_status":"open","ping_status":"open","sticky":false,"template":"","format":"standard","meta":{"jetpack_post_was_ever_published":false,"_jetpack_newsletter_access":"","_jetpack_dont_email_post_to_subs":false,"_jetpack_newsletter_tier_id":0,"_jetpack_memberships_contains_paywalled_content":false,"_jetpack_memberships_contains_paid_content":false,"footnotes":"","jetpack_publicize_message":"","jetpack_publicize_feature_enabled":true,"jetpack_social_post_already_shared":true,"jetpack_social_options":{"image_generator_settings":{"template":"highway","default_image_id":0,"font":"","enabled":false},"version":2}},"categories":[6,5],"tags":[32,40,21,33,41],"class_list":["post-1230","post","type-post","status-publish","format-standard","hentry","category-audios","category-enregistrements","tag-audio","tag-dynasample","tag-enregistrement","tag-mp3","tag-xpresso","content-layout-excerpt-thumb"],"aioseo_notices":[],"jetpack_publicize_connections":[],"jetpack_featured_media_url":"","jetpack_sharing_enabled":true,"jetpack_shortlink":"https:\/\/wp.me\/paHrh2-jQ","jetpack_likes_enabled":true,"_links":{"self":[{"href":"https:\/\/www.cadrinet.com\/ewi\/wp-json\/wp\/v2\/posts\/1230","targetHints":{"allow":["GET"]}}],"collection":[{"href":"https:\/\/www.cadrinet.com\/ewi\/wp-json\/wp\/v2\/posts"}],"about":[{"href":"https:\/\/www.cadrinet.com\/ewi\/wp-json\/wp\/v2\/types\/post"}],"author":[{"embeddable":true,"href":"https:\/\/www.cadrinet.com\/ewi\/wp-json\/wp\/v2\/users\/1"}],"replies":[{"embeddable":true,"href":"https:\/\/www.cadrinet.com\/ewi\/wp-json\/wp\/v2\/comments?post=1230"}],"version-history":[{"count":0,"href":"https:\/\/www.cadrinet.com\/ewi\/wp-json\/wp\/v2\/posts\/1230\/revisions"}],"wp:attachment":[{"href":"https:\/\/www.cadrinet.com\/ewi\/wp-json\/wp\/v2\/media?parent=1230"}],"wp:term":[{"taxonomy":"category","embeddable":true,"href":"https:\/\/www.cadrinet.com\/ewi\/wp-json\/wp\/v2\/categories?post=1230"},{"taxonomy":"post_tag","embeddable":true,"href":"https:\/\/www.cadrinet.com\/ewi\/wp-json\/wp\/v2\/tags?post=1230"}],"curies":[{"name":"wp","href":"https:\/\/api.w.org\/{rel}","templated":true}]}}