{"id":1093,"date":"2019-06-15T23:43:46","date_gmt":"2019-06-15T21:43:46","guid":{"rendered":"https:\/\/www.cadrinet.com\/ewi\/?p=1093"},"modified":"2019-06-16T03:13:29","modified_gmt":"2019-06-16T01:13:29","slug":"the-everly-brothers-let-it-be-me","status":"publish","type":"post","link":"https:\/\/www.cadrinet.com\/ewi\/2019\/06\/15\/the-everly-brothers-let-it-be-me\/","title":{"rendered":"The Everly Brothers &#8211; Let it be me"},"content":{"rendered":"<p>Lorsque les Everly Brothers ont chant\u00e9 cette chanson, en 1960, elle existait d\u00e9j\u00e0 depuis quelques ann\u00e9es. C&rsquo;est un bin\u00f4me fran\u00e7ais qui en est l&rsquo;auteur qen 1955, Pierre Delano\u00eb pour les paroles, et Gilbert B\u00e9caud pour la musique, sous le titre de \u00ab\u00a0Je t&rsquo;appartiens\u00a0\u00bb.<\/p>\r\n<p>Mann Curtis l&rsquo;a adapt\u00e9e en anglais sous le titre \u00ab\u00a0Let it be me\u00a0\u00bb. Et la chanson connait un tr\u00e8s grand succ\u00e8s alors aux USA puis internationalement ensuite.<\/p>\r\n<p>J&rsquo;ai choisi la version am\u00e9ricaine, plus douce au niveau m\u00e9lodique, dans une interpr\u00e9tation des Everly Brothers, \u00e0 deux voix.<br>Je choisis encore le son du saxo Legit Tenor sur les deux voix.<\/p>\r\n<p>&nbsp;<\/p>\r\n<audio class=\"wp-audio-shortcode\" id=\"audio-1093-1\" preload=\"none\" style=\"width: 100%;\" controls=\"controls\"><source type=\"audio\/mpeg\" src=\"https:\/\/www.cadrinet.com\/ewi\/wp-content\/uploads\/2019\/06\/The-Everly-Brothers-Let-it-be-me-G-G_C-E.mp3?_=1\" \/><a href=\"https:\/\/www.cadrinet.com\/ewi\/wp-content\/uploads\/2019\/06\/The-Everly-Brothers-Let-it-be-me-G-G_C-E.mp3\">https:\/\/www.cadrinet.com\/ewi\/wp-content\/uploads\/2019\/06\/The-Everly-Brothers-Let-it-be-me-G-G_C-E.mp3<\/a><\/audio>\r\n<p><em>The Everly Brothers &#8211; Let it be me &#8211; XpressO Legit Tenor<\/em> &nbsp; &nbsp;<\/p>\r\n<p>&nbsp;<\/p>\r\n<p><strong>Configuration <\/strong> <em><!-- \/wp:post-content -->\r\n\r\n<!-- wp:paragraph \/-->\r\n\r\n<!-- wp:list --><\/em><\/p>\r\n<ul>\r\n<li><a href=\"https:\/\/fr.audiofanzine.com\/vent-electronique\/akai\/ewi-5000\/\">Akai Ewi 5000<\/a><\/li>\r\n<li><a href=\"https:\/\/dynasample.com\/xpresso\">DynaSample XpressO<\/a> : registres Legit Tenor<\/li>\r\n<li>BackTrack : fichier de backing track import\u00e9 dans Audacity<\/li>\r\n<li>Mixage : table <a href=\"https:\/\/fr.audiofanzine.com\/console-fw-usb-mlan\/behringer\/xenyx-q502usb\/\">Behringer Xenyx Q502 USB<\/a>&nbsp; <img data-recalc-dims=\"1\" loading=\"lazy\" decoding=\"async\" data-attachment-id=\"1081\" data-permalink=\"https:\/\/www.cadrinet.com\/ewi\/2019\/06\/05\/the-brothers-four-greenfields\/home-studio-enregistrement2voixhp\/\" data-orig-file=\"https:\/\/i0.wp.com\/www.cadrinet.com\/ewi\/wp-content\/uploads\/2019\/06\/home-studio-enregistrement2voixHP.jpg?fit=513%2C427&amp;ssl=1\" data-orig-size=\"513,427\" data-comments-opened=\"1\" data-image-meta=\"{&quot;aperture&quot;:&quot;0&quot;,&quot;credit&quot;:&quot;&quot;,&quot;camera&quot;:&quot;&quot;,&quot;caption&quot;:&quot;&quot;,&quot;created_timestamp&quot;:&quot;0&quot;,&quot;copyright&quot;:&quot;&quot;,&quot;focal_length&quot;:&quot;0&quot;,&quot;iso&quot;:&quot;0&quot;,&quot;shutter_speed&quot;:&quot;0&quot;,&quot;title&quot;:&quot;&quot;,&quot;orientation&quot;:&quot;0&quot;}\" data-image-title=\"home studio enregistrement2voixHP\" data-image-description=\"\" data-image-caption=\"\" data-medium-file=\"https:\/\/i0.wp.com\/www.cadrinet.com\/ewi\/wp-content\/uploads\/2019\/06\/home-studio-enregistrement2voixHP.jpg?fit=300%2C250&amp;ssl=1\" data-large-file=\"https:\/\/i0.wp.com\/www.cadrinet.com\/ewi\/wp-content\/uploads\/2019\/06\/home-studio-enregistrement2voixHP.jpg?fit=513%2C427&amp;ssl=1\" class=\"size-medium wp-image-1081 alignright\" src=\"https:\/\/i0.wp.com\/www.cadrinet.com\/ewi\/wp-content\/uploads\/2019\/06\/home-studio-enregistrement2voixHP-300x250.jpg?resize=300%2C250&#038;ssl=1\" alt=\"\" width=\"300\" height=\"250\" srcset=\"https:\/\/i0.wp.com\/www.cadrinet.com\/ewi\/wp-content\/uploads\/2019\/06\/home-studio-enregistrement2voixHP.jpg?resize=300%2C250&amp;ssl=1 300w, https:\/\/i0.wp.com\/www.cadrinet.com\/ewi\/wp-content\/uploads\/2019\/06\/home-studio-enregistrement2voixHP.jpg?w=513&amp;ssl=1 513w\" sizes=\"auto, (max-width: 300px) 100vw, 300px\" \/><\/li>\r\n<li>Enregistrement : logiciel open source <a href=\"http:\/\/audacity.fr\/\">Audacity<\/a> sur PC<\/li>\r\n<\/ul>\r\n<p><em><!-- \/wp:list -->\r\n\r\n<!-- wp:paragraph --><\/em> <strong>Connectique :<\/strong> <em><!-- \/wp:paragraph -->\r\n\r\n<!-- wp:list --><\/em><\/p>\r\n<ul>\r\n<li>Ewi reli\u00e9 \u00e0 l&rsquo;XpressO par le c\u00e2ble Usb<\/li>\r\n<li>XpressO reli\u00e9 \u00e0 la table de mixage via la sortie Line (jack st\u00e9r\u00e9o 6.35mm -&gt; entr\u00e9e audio double jack mono 6.35mm)<\/li>\r\n<li>BackTrack sur PC sortie sur HP externes<\/li>\r\n<li>Table de mixage reli\u00e9e au PC depuis la sortie USB<\/li>\r\n<li>Enregistrement de la sortie de chacune des 2 voix dans Audacity<\/li>\r\n<li>Mixage des 2 voix + BackTrack post enregistrement dans Audacity<\/li>\r\n<li>Exportation du r\u00e9sultat final en MP3<\/li>\r\n<\/ul>\r\n<p>Pour l&rsquo;instant, je travaille encore via hauts-parleurs, pour entendre simultan\u00e9ment les deux canaux s\u00e9par\u00e9s, d&rsquo;un c\u00f4t\u00e9 la 1\u00e8re voix avec l&rsquo;accompagnement, et de l&rsquo;autre, l&rsquo;enregistrement Ewi de la 2\u00e8me voix sur un canal distinct de l&rsquo;Ewi.<\/p>","protected":false},"excerpt":{"rendered":"<p>Lorsque les Everly Brothers ont chant\u00e9 cette chanson, en 1960, elle existait d\u00e9j\u00e0 depuis quelques ann\u00e9es. C&rsquo;est un bin\u00f4me fran\u00e7ais qui en est l&rsquo;auteur qen 1955, Pierre Delano\u00eb pour les paroles, et Gilbert B\u00e9caud pour la musique, sous le titre&#8230; <a href=\"https:\/\/www.cadrinet.com\/ewi\/2019\/06\/15\/the-everly-brothers-let-it-be-me\/\" class=\"readmore\">Lire la suite&#8230;<span class=\"screen-reader-text\">The Everly Brothers &#8211; Let it be me<\/span><span class=\"fa fa-angle-double-right\" aria-hidden=\"true\"><\/span><\/a><\/p>\n","protected":false},"author":1,"featured_media":0,"comment_status":"open","ping_status":"open","sticky":false,"template":"","format":"standard","meta":{"jetpack_post_was_ever_published":false,"_jetpack_newsletter_access":"","_jetpack_dont_email_post_to_subs":false,"_jetpack_newsletter_tier_id":0,"_jetpack_memberships_contains_paywalled_content":false,"_jetpack_memberships_contains_paid_content":false,"footnotes":"","jetpack_publicize_message":"","jetpack_publicize_feature_enabled":true,"jetpack_social_post_already_shared":true,"jetpack_social_options":{"image_generator_settings":{"template":"highway","default_image_id":0,"font":"","enabled":false},"version":2}},"categories":[6,5],"tags":[32,40,21,33,41],"class_list":["post-1093","post","type-post","status-publish","format-standard","hentry","category-audios","category-enregistrements","tag-audio","tag-dynasample","tag-enregistrement","tag-mp3","tag-xpresso","content-layout-excerpt-thumb"],"aioseo_notices":[],"jetpack_publicize_connections":[],"jetpack_featured_media_url":"","jetpack_sharing_enabled":true,"jetpack_shortlink":"https:\/\/wp.me\/paHrh2-hD","jetpack_likes_enabled":true,"_links":{"self":[{"href":"https:\/\/www.cadrinet.com\/ewi\/wp-json\/wp\/v2\/posts\/1093","targetHints":{"allow":["GET"]}}],"collection":[{"href":"https:\/\/www.cadrinet.com\/ewi\/wp-json\/wp\/v2\/posts"}],"about":[{"href":"https:\/\/www.cadrinet.com\/ewi\/wp-json\/wp\/v2\/types\/post"}],"author":[{"embeddable":true,"href":"https:\/\/www.cadrinet.com\/ewi\/wp-json\/wp\/v2\/users\/1"}],"replies":[{"embeddable":true,"href":"https:\/\/www.cadrinet.com\/ewi\/wp-json\/wp\/v2\/comments?post=1093"}],"version-history":[{"count":0,"href":"https:\/\/www.cadrinet.com\/ewi\/wp-json\/wp\/v2\/posts\/1093\/revisions"}],"wp:attachment":[{"href":"https:\/\/www.cadrinet.com\/ewi\/wp-json\/wp\/v2\/media?parent=1093"}],"wp:term":[{"taxonomy":"category","embeddable":true,"href":"https:\/\/www.cadrinet.com\/ewi\/wp-json\/wp\/v2\/categories?post=1093"},{"taxonomy":"post_tag","embeddable":true,"href":"https:\/\/www.cadrinet.com\/ewi\/wp-json\/wp\/v2\/tags?post=1093"}],"curies":[{"name":"wp","href":"https:\/\/api.w.org\/{rel}","templated":true}]}}